{"id":132,"date":"2018-10-03T19:16:24","date_gmt":"2018-10-03T19:16:24","guid":{"rendered":"https:\/\/nuevecomunicacion.com\/curcuma\/?p=132"},"modified":"2022-05-24T12:19:40","modified_gmt":"2022-05-24T12:19:40","slug":"la-generacion-verde-llegamos-pisando-fuerte","status":"publish","type":"post","link":"https:\/\/curcumagreenfood.com\/index.php\/2018\/10\/03\/la-generacion-verde-llegamos-pisando-fuerte\/","title":{"rendered":"La generaci\u00f3n verde llegamos pisando fuerte"},"content":{"rendered":"<p>C\u00farcuma somos cafeter\u00eda y tienda volcados en una alimentaci\u00f3n saludable, vegetariana y ecol\u00f3gica.<\/p>\n<p>Queremos alcanzar una mejor calidad de vida y por ello optamos por consumir productos que no contengan nada de refinados, procesados y az\u00facares blancos. En C\u00farcuma podr\u00e1s encontrar toda una selecci\u00f3n de platos y productos enfocados en una alimentaci\u00f3n m\u00e1s consciente y saludable.<\/p>\n<p>La alimentaci\u00f3n vegetariana\u00a0no es una dieta m\u00e1s en la que est\u00e1s deseando volver a los h\u00e1bitos anteriores, sino que es una opci\u00f3n a la que quieres volver porque te sientes bien y vas a disfrutar comiendo.<\/p>\n<p>Te animamos a venir a conocernos a nuestro espacio en el centro de Burgos.<\/p>\n<p>\u00a1\u00a1Somos la generaci\u00f3n verde!!<\/p>\n<p>Soy Vanessa Baldy y yo misma prepar\u00e9 tus desayunos, comidas y cenas&#8230; \u00a1para degustar en C\u00farcuma o para llevar!<\/p>\n<p><img fetchpriority=\"high\" decoding=\"async\" class=\"alignnone wp-image-133\" src=\"https:\/\/nuevecomunicacion.com\/curcuma\/wp-content\/uploads\/sites\/3\/2018\/10\/MG_1360.jpg\" alt=\"\" width=\"747\" height=\"498\" \/><\/p>\n","protected":false},"excerpt":{"rendered":"<p>C\u00farcuma somos cafeter\u00eda y tienda volcados en una alimentaci\u00f3n saludable, vegetariana y ecol\u00f3gica. Queremos alcanzar una mejor calidad de vida y por ello optamos por consumir productos que no contengan nada de refinados, procesados y az\u00facares blancos. En C\u00farcuma podr\u00e1s encontrar toda una selecci\u00f3n de platos y productos enfocados en una alimentaci\u00f3n m\u00e1s consciente y &#8230; <a title=\"La generaci\u00f3n verde llegamos pisando fuerte\" class=\"read-more\" href=\"https:\/\/curcumagreenfood.com\/index.php\/2018\/10\/03\/la-generacion-verde-llegamos-pisando-fuerte\/\" aria-label=\"Leer m\u00e1s sobre La generaci\u00f3n verde llegamos pisando fuerte\">Leer m\u00e1s<\/a><\/p>\n","protected":false},"author":3,"featured_media":178,"comment_status":"open","ping_status":"open","sticky":false,"template":"","format":"standard","meta":{"footnotes":""},"categories":[3],"tags":[],"class_list":["post-132","post","type-post","status-publish","format-standard","has-post-thumbnail","hentry","category-sin-categoria","generate-columns","tablet-grid-50","mobile-grid-100","grid-parent","grid-50"],"_links":{"self":[{"href":"https:\/\/curcumagreenfood.com\/index.php\/wp-json\/wp\/v2\/posts\/132","targetHints":{"allow":["GET"]}}],"collection":[{"href":"https:\/\/curcumagreenfood.com\/index.php\/wp-json\/wp\/v2\/posts"}],"about":[{"href":"https:\/\/curcumagreenfood.com\/index.php\/wp-json\/wp\/v2\/types\/post"}],"author":[{"embeddable":true,"href":"https:\/\/curcumagreenfood.com\/index.php\/wp-json\/wp\/v2\/users\/3"}],"replies":[{"embeddable":true,"href":"https:\/\/curcumagreenfood.com\/index.php\/wp-json\/wp\/v2\/comments?post=132"}],"version-history":[{"count":1,"href":"https:\/\/curcumagreenfood.com\/index.php\/wp-json\/wp\/v2\/posts\/132\/revisions"}],"predecessor-version":[{"id":207,"href":"https:\/\/curcumagreenfood.com\/index.php\/wp-json\/wp\/v2\/posts\/132\/revisions\/207"}],"wp:featuredmedia":[{"embeddable":true,"href":"https:\/\/curcumagreenfood.com\/index.php\/wp-json\/wp\/v2\/media\/178"}],"wp:attachment":[{"href":"https:\/\/curcumagreenfood.com\/index.php\/wp-json\/wp\/v2\/media?parent=132"}],"wp:term":[{"taxonomy":"category","embeddable":true,"href":"https:\/\/curcumagreenfood.com\/index.php\/wp-json\/wp\/v2\/categories?post=132"},{"taxonomy":"post_tag","embeddable":true,"href":"https:\/\/curcumagreenfood.com\/index.php\/wp-json\/wp\/v2\/tags?post=132"}],"curies":[{"name":"wp","href":"https:\/\/api.w.org\/{rel}","templated":true}]}}